{"id":1460,"date":"2022-01-05T11:55:17","date_gmt":"2022-01-05T11:55:17","guid":{"rendered":"https:\/\/www.wellsco.com.br\/?p=1460"},"modified":"2022-01-05T11:55:17","modified_gmt":"2022-01-05T11:55:17","slug":"difal-icms-i-sem-regulamentacao-e-provavel-suspensao-da-cobranca-em-2022","status":"publish","type":"post","link":"https:\/\/www.wellsco.com.br\/en\/2022\/01\/05\/difal-icms-i-sem-regulamentacao-e-provavel-suspensao-da-cobranca-em-2022\/","title":{"rendered":"DIFAL ICMS I Sem regulamenta\u00e7\u00e3o e prov\u00e1vel suspens\u00e3o da cobran\u00e7a em 2022"},"content":{"rendered":"<p>Com Projeto de Lei Complementar 32\/21, que regulamentou a cobran\u00e7a do Diferencial de Al\u00edquota &#8211; DIFAL do ICMS para consumidor final n\u00e3o contribuinte, n\u00e3o foi assinada pela presidente at\u00e9 31-12-2021.<\/p>\n\n\n\n<p>Diante disso, prevalece a decis\u00e3o do STF que suspendeu a cobran\u00e7a do diferencial de al\u00edquota &#8211; DIFAL a partir de 2022.<\/p>\n\n\n\n<p>De acordo com o princ\u00edpio constitucional da anterioridade anual a que se sujeita o ICMS, mesmo que a lei seja sancionada em 2022, os estados s\u00f3 poder\u00e3o cobrar o referido imposto em 01-2023.<\/p>\n\n\n\n<p>Decis\u00e3o do STF sobre a cobran\u00e7a do Difal do ICMS<\/p>\n\n\n\n<p>O STF decidiu, em fevereiro, pela proibi\u00e7\u00e3o da cobran\u00e7a do Difal para consumidor final n\u00e3o contribuinte se n\u00e3o houvesse a publica\u00e7\u00e3o de uma Lei Complementar, por\u00e9m, com validade a partir de janeiro de 2022.<\/p>\n\n\n\n<p>Mas, de fevereiro para c\u00e1, somente em dezembro o legislativo se articulou para regulamentar o Difal. Dessa forma, se fosse sancionada at\u00e9 o fim do ano, valeria a proibi\u00e7\u00e3o do STF por 90 dias e, ent\u00e3o, a lei s\u00f3 entraria em abril de 2022. No entanto, como a lei n\u00e3o foi sancionada, passa a valer a decis\u00e3o do STF.<br><\/p>\n\n\n\n<p><strong>Cria\u00e7\u00e3o do novo portal do Difal<\/strong><\/p>\n\n\n\n<p>Depois que a C\u00e2mara e o Senado aprovaram o texto do projeto de lei, o Confaz (Conselho Nacional de Pol\u00edtica Fazend\u00e1ria) publicou, no dia 28 de dezembro, o Conv\u00eanio ICMS n\u00ba 235, que estabeleceu regras para a cria\u00e7\u00e3o do novo portal do Difal para n\u00e3o contribuinte do ICMS.<\/p>\n\n\n\n<p>No entanto, no mesmo dia, o Portal da Nota Fiscal Eletr\u00f4nica anunciou a suspens\u00e3o, a partir de janeiro, da regra de valida\u00e7\u00e3o NA01-20 do Difal do ICMS nas notas fiscais para n\u00e3o contribuinte.<br><\/p>\n\n\n\n<p><strong>Por que foi criado o Difal?<\/strong><\/p>\n\n\n\n<p>O Difal do ICMS nas vendas realizadas as pessoas n\u00e3o contribuintes em outros estados eram devidas totalmente aos estados remetentes das mercadorias. Fato que gerava mais receita do imposto aos estados fornecedores e, consequentemente, se mostrava injusto com os estados consumidores, que n\u00e3o recebiam nenhuma parcela do imposto.<\/p>\n\n\n\n<p>Foi ent\u00e3o que, de olho no aumento das vendas online, os Estados resolveram dividir esse imposto, nas vendas a n\u00e3o contribuintes, entre estado fornecedor e estado consumidor das mercadorias.<\/p>\n\n\n\n<p>Por isso, n\u00e3o resta d\u00favidas sobre os efeitos da suspens\u00e3o da cobran\u00e7a, caso n\u00e3o seja assinada pelo poder executivo no prazo limite 7-01-2022 de acordo com o PLP 32\/2021.<\/p>","protected":false},"excerpt":{"rendered":"<p>Com Projeto de Lei Complementar 32\/21, que regulamentou a cobran\u00e7a do Diferencial de Al\u00edquota &#8211; DIFAL do ICMS para consumidor final n\u00e3o contribuinte, n\u00e3o foi assinada pela presidente at\u00e9 31-12-2021. Diante disso, prevalece a decis\u00e3o do STF que suspendeu a cobran\u00e7a do diferencial de al\u00edquota &#8211; DIFAL a partir de 2022. De acordo com o &hellip; <\/p>\n<p class=\"link-more\"><a href=\"https:\/\/www.wellsco.com.br\/en\/2022\/01\/05\/difal-icms-i-sem-regulamentacao-e-provavel-suspensao-da-cobranca-em-2022\/\" class=\"more-link\">Continue reading<span class=\"screen-reader-text\"> &#8220;DIFAL ICMS I Sem regulamenta\u00e7\u00e3o e prov\u00e1vel suspens\u00e3o da cobran\u00e7a em 2022&#8221;<\/span><\/a><\/p>","protected":false},"author":1,"featured_media":1463,"comment_status":"open","ping_status":"open","sticky":false,"template":"","format":"standard","meta":{"footnotes":""},"categories":[1],"tags":[],"class_list":["post-1460","post","type-post","status-publish","format-standard","has-post-thumbnail","hentry","category-uncategorized","entry"],"_links":{"self":[{"href":"https:\/\/www.wellsco.com.br\/en\/wp-json\/wp\/v2\/posts\/1460","targetHints":{"allow":["GET"]}}],"collection":[{"href":"https:\/\/www.wellsco.com.br\/en\/wp-json\/wp\/v2\/posts"}],"about":[{"href":"https:\/\/www.wellsco.com.br\/en\/wp-json\/wp\/v2\/types\/post"}],"author":[{"embeddable":true,"href":"https:\/\/www.wellsco.com.br\/en\/wp-json\/wp\/v2\/users\/1"}],"replies":[{"embeddable":true,"href":"https:\/\/www.wellsco.com.br\/en\/wp-json\/wp\/v2\/comments?post=1460"}],"version-history":[{"count":2,"href":"https:\/\/www.wellsco.com.br\/en\/wp-json\/wp\/v2\/posts\/1460\/revisions"}],"predecessor-version":[{"id":1462,"href":"https:\/\/www.wellsco.com.br\/en\/wp-json\/wp\/v2\/posts\/1460\/revisions\/1462"}],"wp:featuredmedia":[{"embeddable":true,"href":"https:\/\/www.wellsco.com.br\/en\/wp-json\/wp\/v2\/media\/1463"}],"wp:attachment":[{"href":"https:\/\/www.wellsco.com.br\/en\/wp-json\/wp\/v2\/media?parent=1460"}],"wp:term":[{"taxonomy":"category","embeddable":true,"href":"https:\/\/www.wellsco.com.br\/en\/wp-json\/wp\/v2\/categories?post=1460"},{"taxonomy":"post_tag","embeddable":true,"href":"https:\/\/www.wellsco.com.br\/en\/wp-json\/wp\/v2\/tags?post=1460"}],"curies":[{"name":"wp","href":"https:\/\/api.w.org\/{rel}","templated":true}]}}