{"id":1859,"date":"2023-01-05T14:52:12","date_gmt":"2023-01-05T14:52:12","guid":{"rendered":"https:\/\/www.wellsco.com.br\/?p=1859"},"modified":"2023-01-05T14:52:13","modified_gmt":"2023-01-05T14:52:13","slug":"restabelecimento-de-beneficios-fiscais-e-o-fim-do-pacote-deajuste-fiscal-em-sao-paulo","status":"publish","type":"post","link":"https:\/\/www.wellsco.com.br\/en\/2023\/01\/05\/restabelecimento-de-beneficios-fiscais-e-o-fim-do-pacote-deajuste-fiscal-em-sao-paulo\/","title":{"rendered":"Restabelecimento de Benef\u00edcios Fiscais e o Fim do Pacote de<br>Ajuste Fiscal em S\u00e3o Paulo"},"content":{"rendered":"<p>Foram publicados os Decretos n\u00b0&#8217;s 67.382\/2022 e 67.383\/2022, que d\u00e3o fim ao Pacote de Ajuste Fiscal criado pelo governo de S\u00e3o Paulo em 2020, cujo objetivo foi aumentar a arrecada\u00e7\u00e3o dos cofres p\u00fablicos, em decorr\u00eancia dos impactos causados pela<br>pandemia nas contas p\u00fablicas.<br>As principais altera\u00e7\u00f5es trazidas pelos decretos s\u00e3o: \u203a Revoga\u00e7\u00e3o da isen\u00e7\u00e3o parcial do ICMS, passando a ser aplicada a isen\u00e7\u00e3o<br>total aos itens do anexo I do artigo 8\u00b0 do RICMS\/SP;<br>\u2265 Revoga\u00e7\u00e3o do aumento da carga tribut\u00e1ria do ICMS para diversos setores da<br>economia;<br>\u2022 Prorroga\u00e7\u00e3o da vig\u00eancia de diversos benef\u00edcios fiscais do ICMS. Al\u00e9m destes pontos, ressaltamos que existem altera\u00e7\u00f5es significativas atreladas aos<br>benef\u00edcios de insumos agropecu\u00e1rios. Vale frisar, que os Decretos n.\u00b0&#8217; 67.382 e 67.383 entram em vigor a partir de 1 de janeiro<br>2023 e 16 de janeiro de 2023, respectivamente. Isto posto, os contribuintes precisam estar atentos a essas altera\u00e7\u00f5es fiscais para que n\u00e3o sejam impactados de forma negativa, bem como possam aplicar corretamente as<br>regras em suas opera\u00e7\u00f5es.<br>Em caso de d\u00favidas, entre em contato com nosso time de TAX.<\/p>\n\n\n\n<p><\/p>","protected":false},"excerpt":{"rendered":"<p>Foram publicados os Decretos n\u00b0&#8217;s 67.382\/2022 e 67.383\/2022, que d\u00e3o fim ao Pacote de Ajuste Fiscal criado pelo governo de S\u00e3o Paulo em 2020, cujo objetivo foi aumentar a arrecada\u00e7\u00e3o dos cofres p\u00fablicos, em decorr\u00eancia dos impactos causados pelapandemia nas contas p\u00fablicas.As principais altera\u00e7\u00f5es trazidas pelos decretos s\u00e3o: \u203a Revoga\u00e7\u00e3o da isen\u00e7\u00e3o parcial do ICMS, &hellip; <\/p>\n<p class=\"link-more\"><a href=\"https:\/\/www.wellsco.com.br\/en\/2023\/01\/05\/restabelecimento-de-beneficios-fiscais-e-o-fim-do-pacote-deajuste-fiscal-em-sao-paulo\/\" class=\"more-link\">Continue reading<span class=\"screen-reader-text\"> &#8220;Restabelecimento de Benef\u00edcios Fiscais e o Fim do Pacote de<br \/>Ajuste Fiscal em S\u00e3o Paulo&#8221;<\/span><\/a><\/p>","protected":false},"author":1,"featured_media":1860,"comment_status":"open","ping_status":"open","sticky":false,"template":"","format":"standard","meta":{"footnotes":""},"categories":[1],"tags":[],"class_list":["post-1859","post","type-post","status-publish","format-standard","has-post-thumbnail","hentry","category-uncategorized","entry"],"_links":{"self":[{"href":"https:\/\/www.wellsco.com.br\/en\/wp-json\/wp\/v2\/posts\/1859","targetHints":{"allow":["GET"]}}],"collection":[{"href":"https:\/\/www.wellsco.com.br\/en\/wp-json\/wp\/v2\/posts"}],"about":[{"href":"https:\/\/www.wellsco.com.br\/en\/wp-json\/wp\/v2\/types\/post"}],"author":[{"embeddable":true,"href":"https:\/\/www.wellsco.com.br\/en\/wp-json\/wp\/v2\/users\/1"}],"replies":[{"embeddable":true,"href":"https:\/\/www.wellsco.com.br\/en\/wp-json\/wp\/v2\/comments?post=1859"}],"version-history":[{"count":2,"href":"https:\/\/www.wellsco.com.br\/en\/wp-json\/wp\/v2\/posts\/1859\/revisions"}],"predecessor-version":[{"id":1863,"href":"https:\/\/www.wellsco.com.br\/en\/wp-json\/wp\/v2\/posts\/1859\/revisions\/1863"}],"wp:featuredmedia":[{"embeddable":true,"href":"https:\/\/www.wellsco.com.br\/en\/wp-json\/wp\/v2\/media\/1860"}],"wp:attachment":[{"href":"https:\/\/www.wellsco.com.br\/en\/wp-json\/wp\/v2\/media?parent=1859"}],"wp:term":[{"taxonomy":"category","embeddable":true,"href":"https:\/\/www.wellsco.com.br\/en\/wp-json\/wp\/v2\/categories?post=1859"},{"taxonomy":"post_tag","embeddable":true,"href":"https:\/\/www.wellsco.com.br\/en\/wp-json\/wp\/v2\/tags?post=1859"}],"curies":[{"name":"wp","href":"https:\/\/api.w.org\/{rel}","templated":true}]}}